{"id":520,"date":"2026-08-07T14:57:08","date_gmt":"2026-08-07T12:57:08","guid":{"rendered":"https:\/\/eletminosegedittel.hu\/?p=520"},"modified":"2026-08-09T20:06:32","modified_gmt":"2026-08-09T18:06:32","slug":"amikor-a-szervezet-gyulladasba-kerul-okok-tunetek-es-megoldasok","status":"publish","type":"post","link":"https:\/\/eletminosegedittel.hu\/?p=520","title":{"rendered":"Amikor a szervezet gyullad\u00e1sba ker\u00fcl \u2013 okok, t\u00fcnetek \u00e9s megold\u00e1sok"},"content":{"rendered":"\n<p class=\"wp-block-paragraph\">A gyullad\u00e1s a szervezet term\u00e9szetes v\u00e9dekez\u0151 reakci\u00f3ja. Seg\u00edt a s\u00e9r\u00fcl\u00e9sek gy\u00f3gyul\u00e1s\u00e1ban \u00e9s a k\u00f3rokoz\u00f3k elleni k\u00fczdelemben. A probl\u00e9ma akkor kezd\u0151dik, amikor a gyullad\u00e1s <strong>nem m\u00falik el<\/strong>, hanem kr\u00f3nikuss\u00e1 v\u00e1lik, \u00e9s hossz\u00fa t\u00e1von terheli a szervezetet.<\/p>\n\n\n\n<p class=\"wp-block-paragraph\">A kr\u00f3nikus, alacsony szint\u0171 gyullad\u00e1s sokszor <strong>\u00e9szrev\u00e9tlen\u00fcl<\/strong> van jelen, m\u00e9gis komoly hat\u00e1ssal lehet az eg\u00e9szs\u00e9gre \u00e9s a k\u00f6z\u00e9rzetre.<\/p>\n\n\n\n<p class=\"wp-block-paragraph\"><strong>Milyen t\u00fcnetek utalhatnak tart\u00f3s gyullad\u00e1sra?<\/strong><\/p>\n\n\n\n<p class=\"wp-block-paragraph\">A gyullad\u00e1s nem mindig j\u00e1r f\u00e1jdalommal vagy l\u00e1zzal. Gyakran eg\u00e9szen \u00e1ltal\u00e1nos t\u00fcnetek jelzik:<\/p>\n\n\n\n<ul class=\"wp-block-list\">\n<li>\u00e1lland\u00f3 f\u00e1radts\u00e1g, kimer\u00fclts\u00e9g<\/li>\n\n\n\n<li>izom- \u00e9s \u00edz\u00fcleti f\u00e1jdalmak<\/li>\n\n\n\n<li>em\u00e9szt\u00e9si probl\u00e9m\u00e1k<\/li>\n\n\n\n<li>gyakori megbeteged\u00e9sek<\/li>\n\n\n\n<li>b\u0151rprobl\u00e9m\u00e1k<\/li>\n\n\n\n<li>koncentr\u00e1ci\u00f3s neh\u00e9zs\u00e9gek<\/li>\n<\/ul>\n\n\n\n<p class=\"wp-block-paragraph\">Ezek a jelek arra utalhatnak, hogy a szervezet <strong>folyamatos k\u00e9szenl\u00e9ti \u00e1llapotban<\/strong> van.<\/p>\n\n\n\n<p class=\"wp-block-paragraph\"><strong>Mit\u0151l alakulhat ki kr\u00f3nikus gyullad\u00e1s?<\/strong><\/p>\n\n\n\n<p class=\"wp-block-paragraph\">A gyullad\u00e1sos folyamatokat t\u00f6bb t\u00e9nyez\u0151 is fenntarthatja:<\/p>\n\n\n\n<p class=\"wp-block-paragraph\">1\ufe0f<strong>.Helytelen t\u00e1pl\u00e1lkoz\u00e1s<\/strong><\/p>\n\n\n\n<p class=\"wp-block-paragraph\">A t\u00falzott cukorbevitel, finom\u00edtott sz\u00e9nhidr\u00e1tok, transzzs\u00edrok \u00e9s er\u0151sen feldolgozott \u00e9lelmiszerek gyullad\u00e1skelt\u0151 hat\u00e1s\u00faak lehetnek.<\/p>\n\n\n\n<p class=\"wp-block-paragraph\">2\ufe0f<strong>.B\u00e9lfl\u00f3ra egyens\u00faly\u00e1nak zavara<\/strong><\/p>\n\n\n\n<p class=\"wp-block-paragraph\">A b\u00e9lrendszer \u00e1llapota szorosan \u00f6sszef\u00fcgg a gyullad\u00e1sos folyamatokkal. A s\u00e9r\u00fclt b\u00e9lfal \u00e9s az egyens\u00faly\u00e1t vesztett mikrobiom fokozhatja az immunreakci\u00f3kat.<\/p>\n\n\n\n<p class=\"wp-block-paragraph\">3\ufe0f<strong>.Tart\u00f3s stressz<\/strong><\/p>\n\n\n\n<p class=\"wp-block-paragraph\">A kr\u00f3nikus stressz folyamatos kortizol-terhel\u00e9st okoz, amely hossz\u00fa t\u00e1von gyullad\u00e1sfokoz\u00f3 hat\u00e1s\u00fa lehet.<\/p>\n\n\n\n<p class=\"wp-block-paragraph\">4\ufe0f<strong>.Alv\u00e1shi\u00e1ny \u00e9s mozg\u00e1shi\u00e1ny<\/strong><\/p>\n\n\n\n<p class=\"wp-block-paragraph\">A nem megfelel\u0151 regener\u00e1ci\u00f3 \u00e9s a mozg\u00e1sszeg\u00e9ny \u00e9letm\u00f3d szint\u00e9n hozz\u00e1j\u00e1rulhat a gyullad\u00e1sos \u00e1llapot fennmarad\u00e1s\u00e1hoz.<\/p>\n\n\n\n<p class=\"wp-block-paragraph\">5\ufe0f<strong>.K\u00f6rnyezeti terhel\u00e9sek<\/strong><\/p>\n\n\n\n<p class=\"wp-block-paragraph\">Vegyi anyagok, szennyez\u0151d\u00e9sek, toxinok folyamatos terhel\u00e9st jelentenek a szervezet sz\u00e1m\u00e1ra.<\/p>\n\n\n\n<p class=\"wp-block-paragraph\"><strong>Hogyan cs\u00f6kkenthetj\u00fck a gyullad\u00e1st term\u00e9szetes m\u00f3don?<\/strong><\/p>\n\n\n\n<p class=\"wp-block-paragraph\">A gyullad\u00e1s cs\u00f6kkent\u00e9se <strong>\u00f6sszetett folyamat<\/strong>, amely \u00e9letm\u00f3dbeli v\u00e1ltoztat\u00e1sokat ig\u00e9nyel.<\/p>\n\n\n\n<p class=\"wp-block-paragraph\">1\ufe0f<strong>.Gyullad\u00e1scs\u00f6kkent\u0151 \u00e9trend<\/strong><\/p>\n\n\n\n<ul class=\"wp-block-list\">\n<li>friss z\u00f6lds\u00e9gek \u00e9s gy\u00fcm\u00f6lcs\u00f6k<\/li>\n\n\n\n<li>omega\u20133 zs\u00edrsavakban gazdag \u00e9telek<\/li>\n\n\n\n<li>teljes \u00e9rt\u00e9k\u0171, term\u00e9szetes alapanyagok<\/li>\n\n\n\n<li>cukor \u00e9s feldolgozott \u00e9lelmiszerek m\u00e9rs\u00e9kl\u00e9se<\/li>\n<\/ul>\n\n\n\n<p class=\"wp-block-paragraph\">2\ufe0f<strong>.Em\u00e9szt\u0151rendszer t\u00e1mogat\u00e1sa<\/strong><\/p>\n\n\n\n<p class=\"wp-block-paragraph\">A b\u00e9lfl\u00f3ra egyens\u00faly\u00e1nak helyre\u00e1ll\u00edt\u00e1sa seg\u00edthet cs\u00f6kkenteni az immunrendszer t\u00falzott reakci\u00f3it.<\/p>\n\n\n\n<p class=\"wp-block-paragraph\">3\ufe0f<strong>.Stresszkezel\u00e9s \u00e9s regener\u00e1ci\u00f3<\/strong><\/p>\n\n\n\n<p class=\"wp-block-paragraph\">A tudatos pihen\u00e9s, relax\u00e1ci\u00f3, l\u00e9gz\u0151gyakorlatok \u00e9s megfelel\u0151 alv\u00e1s kulcsfontoss\u00e1g\u00faak.<\/p>\n\n\n\n<p class=\"wp-block-paragraph\">4\ufe0f<strong>.Megfelel\u0151 t\u00e1panyagell\u00e1t\u00e1s<\/strong><\/p>\n\n\n\n<p class=\"wp-block-paragraph\">Bizonyos vitaminok, \u00e1sv\u00e1nyi anyagok \u00e9s antioxid\u00e1nsok hozz\u00e1j\u00e1rulhatnak a sejtek v\u00e9delm\u00e9hez \u00e9s a gyullad\u00e1sos folyamatok m\u00e9rs\u00e9kl\u00e9s\u00e9hez.<\/p>\n\n\n\n<p class=\"wp-block-paragraph\">5\ufe0f<strong>.Rendszeres, m\u00e9rs\u00e9kelt mozg\u00e1s<\/strong><\/p>\n\n\n\n<p class=\"wp-block-paragraph\">A mozg\u00e1s seg\u00edti a kering\u00e9st \u00e9s a regener\u00e1ci\u00f3t, an\u00e9lk\u00fcl hogy t\u00falterheln\u00e9 a szervezetet.<\/p>\n\n\n\n<p class=\"wp-block-paragraph\"><strong>Nem elnyomni \u2013 egyens\u00falyba hozni<\/strong><\/p>\n\n\n\n<p class=\"wp-block-paragraph\">A gyullad\u00e1s nem ellens\u00e9g, hanem jelz\u00e9s. A szervezet figyelmeztet, hogy <strong>t\u00falterhelt<\/strong>, \u00e9s t\u00e1mogat\u00e1sra van sz\u00fcks\u00e9ge. A c\u00e9l nem a t\u00fcnetek elnyom\u00e1sa, hanem az okok meg\u00e9rt\u00e9se \u00e9s a term\u00e9szetes egyens\u00faly vissza\u00e1ll\u00edt\u00e1sa.<\/p>\n\n\n\n<p class=\"wp-block-paragraph\"><strong>Szeretn\u00e9l t\u00f6bbet tenni a gyullad\u00e1sok cs\u00f6kkent\u00e9s\u00e9\u00e9rt?<\/strong><\/p>\n\n\n\n<p class=\"wp-block-paragraph\">A gyullad\u00e1sos folyamatok h\u00e1tter\u00e9ben gyakran t\u00f6bb t\u00e9nyez\u0151 \u00e1ll, ez\u00e9rt fontos az <strong>egy\u00e9ni megk\u00f6zel\u00edt\u00e9s<\/strong>.<\/p>\n\n\n\n<p class=\"wp-block-paragraph\">Ez\u00e9rt hoztam l\u00e9tre egy <strong>z\u00e1rt, t\u00e1mogat\u00f3 k\u00f6z\u00f6ss\u00e9get<\/strong>, ahol:<\/p>\n\n\n\n<ul class=\"wp-block-list\">\n<li>k\u00f6z\u00e9rthet\u0151en besz\u00e9l\u00fcnk a gyullad\u00e1sok h\u00e1tter\u00e9r\u0151l,<\/li>\n\n\n\n<li>megosztom a tapasztalataimat \u00e9s gyakorlati megold\u00e1sokat,<\/li>\n\n\n\n<li>seg\u00edtek eligazodni a funkcion\u00e1lis t\u00e1pl\u00e1lkoz\u00e1s \u00e9s \u00e9letm\u00f3d ter\u00fclet\u00e9n,<\/li>\n\n\n\n<li>\u00e9s k\u00e9rdezni is nyugodtan lehet.<\/li>\n<\/ul>\n\n\n\n<p class=\"wp-block-paragraph\">\ud83d\udc49 <strong>Csatlakozz a z\u00e1rt csoporthoz, \u00e9s inspir\u00e1l\u00f3dj!<\/strong><\/p>\n\n\n\n<p class=\"wp-block-paragraph\">\ud83d\udc49 <strong>Ha szeretn\u00e9l tudatosabban tenni a szervezeted egyens\u00faly\u00e1\u00e9rt, csatlakozz a z\u00e1rt csoportomhoz.<\/strong><br>Nyom\u00e1s n\u00e9lk\u00fcl, t\u00e1mogat\u00f3 k\u00f6zegben.<\/p>\n","protected":false},"excerpt":{"rendered":"<p>A gyullad\u00e1s a szervezet term\u00e9szetes v\u00e9dekez\u0151 reakci\u00f3ja. Seg\u00edt a s\u00e9r\u00fcl\u00e9sek gy\u00f3gyul\u00e1s\u00e1ban \u00e9s a k\u00f3rokoz\u00f3k elleni k\u00fczdelemben. A probl\u00e9ma akkor kezd\u0151dik, amikor a gyullad\u00e1s nem m\u00falik el, hanem kr\u00f3nikuss\u00e1 v\u00e1lik, \u00e9s hossz\u00fa t\u00e1von terheli a szervezetet. A kr\u00f3nikus, alacsony szint\u0171 gyullad\u00e1s sokszor \u00e9szrev\u00e9tlen\u00fcl van jelen, m\u00e9gis komoly hat\u00e1ssal lehet az eg\u00e9szs\u00e9gre \u00e9s a k\u00f6z\u00e9rzetre. Milyen t\u00fcnetek [&hellip;]<\/p>\n","protected":false},"author":1,"featured_media":0,"comment_status":"open","ping_status":"open","sticky":false,"template":"","format":"standard","meta":{"footnotes":""},"categories":[1],"tags":[],"class_list":["post-520","post","type-post","status-publish","format-standard","hentry","category-uncategorized"],"_links":{"self":[{"href":"https:\/\/eletminosegedittel.hu\/index.php?rest_route=\/wp\/v2\/posts\/520","targetHints":{"allow":["GET"]}}],"collection":[{"href":"https:\/\/eletminosegedittel.hu\/index.php?rest_route=\/wp\/v2\/posts"}],"about":[{"href":"https:\/\/eletminosegedittel.hu\/index.php?rest_route=\/wp\/v2\/types\/post"}],"author":[{"embeddable":true,"href":"https:\/\/eletminosegedittel.hu\/index.php?rest_route=\/wp\/v2\/users\/1"}],"replies":[{"embeddable":true,"href":"https:\/\/eletminosegedittel.hu\/index.php?rest_route=%2Fwp%2Fv2%2Fcomments&post=520"}],"version-history":[{"count":1,"href":"https:\/\/eletminosegedittel.hu\/index.php?rest_route=\/wp\/v2\/posts\/520\/revisions"}],"predecessor-version":[{"id":521,"href":"https:\/\/eletminosegedittel.hu\/index.php?rest_route=\/wp\/v2\/posts\/520\/revisions\/521"}],"wp:attachment":[{"href":"https:\/\/eletminosegedittel.hu\/index.php?rest_route=%2Fwp%2Fv2%2Fmedia&parent=520"}],"wp:term":[{"taxonomy":"category","embeddable":true,"href":"https:\/\/eletminosegedittel.hu\/index.php?rest_route=%2Fwp%2Fv2%2Fcategories&post=520"},{"taxonomy":"post_tag","embeddable":true,"href":"https:\/\/eletminosegedittel.hu\/index.php?rest_route=%2Fwp%2Fv2%2Ftags&post=520"}],"curies":[{"name":"wp","href":"https:\/\/api.w.org\/{rel}","templated":true}]}}