{"id":518,"date":"2026-08-07T14:55:25","date_gmt":"2026-08-07T12:55:25","guid":{"rendered":"https:\/\/eletminosegedittel.hu\/?p=518"},"modified":"2026-08-07T14:55:26","modified_gmt":"2026-08-07T12:55:26","slug":"amikor-a-belflora-kibillen-miert-romlik-a-mikrobiom-allapota-es-hogyan-tamogathatjuk","status":"publish","type":"post","link":"https:\/\/eletminosegedittel.hu\/?p=518","title":{"rendered":"Amikor a b\u00e9lfl\u00f3ra kibillen \u2013 mi\u00e9rt romlik a mikrobiom \u00e1llapota, \u00e9s hogyan t\u00e1mogathatjuk?"},"content":{"rendered":"\n<p class=\"wp-block-paragraph\">A b\u00e9lrendszer\u00fcnkben \u00e9l\u0151 mikroorganizmusok \u00f6sszess\u00e9g\u00e9t nevezz\u00fck <strong>b\u00e9lfl\u00f3r\u00e1nak vagy mikrobiomnak<\/strong>. Ezek az apr\u00f3 \u201el\u00e1thatatlan seg\u00edt\u0151k\u201d kulcsszerepet j\u00e1tszanak az em\u00e9szt\u00e9sben, az immunrendszer m\u0171k\u00f6d\u00e9s\u00e9ben, s\u0151t m\u00e9g a hangulatunk \u00e9s energiaszint\u00fcnk alakul\u00e1s\u00e1ban is.<\/p>\n\n\n\n<p class=\"wp-block-paragraph\">Ha a mikrobiom egyens\u00falya felborul, az nemcsak em\u00e9szt\u00e9si panaszokban, hanem <strong>\u00e1ltal\u00e1nos k\u00f6z\u00e9rzeti probl\u00e9m\u00e1kban<\/strong> is megmutatkozhat.<\/p>\n\n\n\n<p class=\"wp-block-paragraph\"><strong>Mi jelezheti a b\u00e9lfl\u00f3ra rossz \u00e1llapot\u00e1t?<\/strong><\/p>\n\n\n\n<p class=\"wp-block-paragraph\">A mikrobiom egyens\u00faly\u00e1nak zavara sokf\u00e9le form\u00e1ban jelentkezhet:<\/p>\n\n\n\n<ul class=\"wp-block-list\">\n<li>puffad\u00e1s, g\u00e1zk\u00e9pz\u0151d\u00e9s<\/li>\n\n\n\n<li>hasmen\u00e9s vagy sz\u00e9kreked\u00e9s<\/li>\n\n\n\n<li>\u00e9tel\u00e9rz\u00e9kenys\u00e9ghez hasonl\u00f3 t\u00fcnetek<\/li>\n\n\n\n<li>gyeng\u00e9bb immunrendszer, gyakoribb megbeteged\u00e9sek<\/li>\n\n\n\n<li>f\u00e1radts\u00e1g, lehangolts\u00e1g, koncentr\u00e1ci\u00f3s neh\u00e9zs\u00e9gek<\/li>\n\n\n\n<li>b\u0151rprobl\u00e9m\u00e1k<\/li>\n<\/ul>\n\n\n\n<p class=\"wp-block-paragraph\">Ezek a t\u00fcnetek gyakran nem k\u00fcl\u00f6n\u00e1ll\u00f3 probl\u00e9m\u00e1k, hanem <strong>\u00f6sszef\u00fcggnek a b\u00e9lrendszer \u00e1llapot\u00e1val<\/strong>.<\/p>\n\n\n\n<p class=\"wp-block-paragraph\"><strong>Mit\u0151l romolhat a b\u00e9lfl\u00f3ra \u00e1llapota?<\/strong><\/p>\n\n\n\n<p class=\"wp-block-paragraph\">A mikrobiom \u00e9rz\u00e9keny rendszer, amelyet t\u00f6bb t\u00e9nyez\u0151 is kedvez\u0151tlen\u00fcl befoly\u00e1solhat:<\/p>\n\n\n\n<p class=\"wp-block-paragraph\">1\ufe0f<strong>.Helytelen t\u00e1pl\u00e1lkoz\u00e1s<\/strong><\/p>\n\n\n\n<p class=\"wp-block-paragraph\">A t\u00falzott cukor-, finom\u00edtott sz\u00e9nhidr\u00e1t- \u00e9s feldolgozott \u00e9lelmiszer-fogyaszt\u00e1s kedvez a \u201erossz\u201d bakt\u00e9riumok elszaporod\u00e1s\u00e1nak, mik\u00f6zben cs\u00f6kkenti a j\u00f3t\u00e9kony t\u00f6rzsek ar\u00e1ny\u00e1t.<\/p>\n\n\n\n<p class=\"wp-block-paragraph\">2\ufe0f<strong>.Antibiotikumok \u00e9s gy\u00f3gyszerek<\/strong><\/p>\n\n\n\n<p class=\"wp-block-paragraph\">Az antibiotikumok nem v\u00e1logatnak: a k\u00e1ros \u00e9s hasznos bakt\u00e9riumokat egyar\u00e1nt puszt\u00edthatj\u00e1k. Egy k\u00fara ut\u00e1n a mikrobiom helyre\u00e1ll\u00e1sa <strong>hetekig, ak\u00e1r h\u00f3napokig<\/strong> is eltarthat.<\/p>\n\n\n\n<p class=\"wp-block-paragraph\">3\ufe0f<strong>.Tart\u00f3s stressz<\/strong><\/p>\n\n\n\n<p class=\"wp-block-paragraph\">A b\u00e9l \u00e9s az idegrendszer szoros kapcsolatban \u00e1ll egym\u00e1ssal (b\u00e9l\u2013agy tengely). A kr\u00f3nikus stressz k\u00f6zvetlen\u00fcl befoly\u00e1solja a b\u00e9lmozg\u00e1st \u00e9s a bakt\u00e9rium-\u00f6sszet\u00e9telt.<\/p>\n\n\n\n<p class=\"wp-block-paragraph\">4\ufe0f<strong>.Alv\u00e1shi\u00e1ny \u00e9s rendszertelen \u00e9letm\u00f3d<\/strong><\/p>\n\n\n\n<p class=\"wp-block-paragraph\">A mikrobiom napi ritmus szerint is m\u0171k\u00f6dik. A felborult napirend \u00e9s az alv\u00e1shi\u00e1ny negat\u00edvan hat az egyens\u00faly\u00e1ra.<\/p>\n\n\n\n<p class=\"wp-block-paragraph\">5\ufe0f<strong>.K\u00f6rnyezeti hat\u00e1sok<\/strong><\/p>\n\n\n\n<p class=\"wp-block-paragraph\">Vegyszerek, adal\u00e9kanyagok, tart\u00f3s\u00edt\u00f3szerek \u00e9s egyes \u00e9lelmiszer-maradv\u00e1nyok szint\u00e9n terhelhetik a b\u00e9lrendszert.<\/p>\n\n\n\n<p class=\"wp-block-paragraph\"><strong>Hogyan seg\u00edthetj\u00fck a b\u00e9lfl\u00f3ra egyens\u00faly\u00e1t?<\/strong><\/p>\n\n\n\n<p class=\"wp-block-paragraph\">A j\u00f3 h\u00edr, hogy a mikrobiom <strong>t\u00e1mogathat\u00f3 \u00e9s regener\u00e1lhat\u00f3<\/strong>, ha tudatosan odafigyel\u00fcnk.<\/p>\n\n\n\n<p class=\"wp-block-paragraph\">1\ufe0f<strong>.Rostban gazdag, v\u00e1ltozatos \u00e9trend<\/strong><\/p>\n\n\n\n<p class=\"wp-block-paragraph\">A j\u00f3t\u00e9kony bakt\u00e9riumok \u201et\u00e1pl\u00e1l\u00e9ka\u201d a rost. Z\u00f6lds\u00e9gek, gy\u00fcm\u00f6lcs\u00f6k, h\u00fcvelyesek, teljes \u00e9rt\u00e9k\u0171 gabon\u00e1k rendszeres fogyaszt\u00e1sa seg\u00edti a soksz\u00edn\u0171 mikrobiom kialakul\u00e1s\u00e1t.<\/p>\n\n\n\n<p class=\"wp-block-paragraph\">2\ufe0f<strong>.Prebiotikumok \u00e9s probiotikumok<\/strong><\/p>\n\n\n\n<p class=\"wp-block-paragraph\">A prebiotikumok t\u00e1pl\u00e1lj\u00e1k a hasznos bakt\u00e9riumokat, m\u00edg a probiotikumok maguk a j\u00f3t\u00e9kony mikroorganizmusok. Ezek egy\u00fcttesen seg\u00edthetik az egyens\u00faly helyre\u00e1ll\u00edt\u00e1s\u00e1t.<\/p>\n\n\n\n<p class=\"wp-block-paragraph\"><strong>3.Megfelel\u0151 folyad\u00e9kbevitel<\/strong><\/p>\n\n\n\n<p class=\"wp-block-paragraph\">A b\u00e9lmozg\u00e1s \u00e9s az em\u00e9szt\u00e9s csak elegend\u0151 folyad\u00e9k mellett m\u0171k\u00f6dik optim\u00e1lisan.<\/p>\n\n\n\n<p class=\"wp-block-paragraph\">4\ufe0f<strong>.Stresszcs\u00f6kkent\u00e9s \u00e9s pihen\u00e9s<\/strong><\/p>\n\n\n\n<p class=\"wp-block-paragraph\">A tudatos relax\u00e1ci\u00f3, mozg\u00e1s \u00e9s min\u0151s\u00e9gi alv\u00e1s k\u00f6zvetlen\u00fcl hat a b\u00e9l\u2013agy tengelyen kereszt\u00fcl a mikrobiom \u00e1llapot\u00e1ra.<\/p>\n\n\n\n<p class=\"wp-block-paragraph\">5\ufe0f<strong>.Tudatos t\u00e1panyagp\u00f3tl\u00e1s<\/strong><\/p>\n\n\n\n<p class=\"wp-block-paragraph\">Bizonyos vitaminok, \u00e1sv\u00e1nyi anyagok \u00e9s funkcion\u00e1lis t\u00e1panyagok t\u00e1mogatj\u00e1k a b\u00e9lrendszer norm\u00e1l m\u0171k\u00f6d\u00e9s\u00e9t \u00e9s a ny\u00e1lkah\u00e1rtya \u00e9ps\u00e9g\u00e9t.<\/p>\n\n\n\n<p class=\"wp-block-paragraph\"><strong>Nem csak em\u00e9szt\u00e9s k\u00e9rd\u00e9se<\/strong><\/p>\n\n\n\n<p class=\"wp-block-paragraph\">A b\u00e9lfl\u00f3ra \u00e1llapota <strong>az eg\u00e9sz szervezet egyens\u00faly\u00e1ra hat\u00e1ssal van<\/strong>. A j\u00f3l m\u0171k\u00f6d\u0151 mikrobiom hozz\u00e1j\u00e1rul az immunv\u00e9delemhez, a ment\u00e1lis j\u00f3ll\u00e9thez \u00e9s a vitalit\u00e1shoz is.<\/p>\n\n\n\n<p class=\"wp-block-paragraph\">A b\u00e9lrendszer gondoz\u00e1sa nem r\u00f6vid t\u00e1v\u00fa projekt, hanem tudatos \u00e9letm\u00f3d r\u00e9sze. Ha figyel\u00fcnk r\u00e1, a szervezet\u00fcnk megh\u00e1l\u00e1lja.<\/p>\n\n\n\n<p class=\"wp-block-paragraph\"><strong>Szeretn\u00e9l t\u00f6bbet tenni a b\u00e9lrendszered eg\u00e9szs\u00e9g\u00e9\u00e9rt?<\/strong><\/p>\n\n\n\n<p class=\"wp-block-paragraph\">A b\u00e9lfl\u00f3ra \u00e9s a mikrobiom egyens\u00falya egy\u00e9nenk\u00e9nt elt\u00e9r\u0151, ez\u00e9rt nincs mindenkire \u00e9rv\u00e9nyes, \u201eegy m\u00e9ret mindenkinek\u201d megold\u00e1s. A tudatos t\u00e1mogat\u00e1s viszont tanulhat\u00f3.<\/p>\n\n\n\n<p class=\"wp-block-paragraph\">Ez\u00e9rt hoztam l\u00e9tre egy <strong>z\u00e1rt, t\u00e1mogat\u00f3 k\u00f6z\u00f6ss\u00e9get<\/strong>, ahol:<\/p>\n\n\n\n<ul class=\"wp-block-list\">\n<li>k\u00f6z\u00e9rthet\u0151en besz\u00e9l\u00fcnk a b\u00e9lfl\u00f3ra \u00e9s az em\u00e9szt\u00e9s t\u00e1mogat\u00e1s\u00e1r\u00f3l,<\/li>\n\n\n\n<li>megosztom a tapasztalataimat \u00e9s gyakorlati tippeket,<\/li>\n\n\n\n<li>seg\u00edtek eligazodni a funkcion\u00e1lis t\u00e1pl\u00e1lkoz\u00e1s vil\u00e1g\u00e1ban,<\/li>\n\n\n\n<li>\u00e9s k\u00e9rdezni is b\u00e1tran lehet.<\/li>\n<\/ul>\n\n\n\n<p class=\"wp-block-paragraph\">\ud83d\udc49 <strong>Ha szeretn\u00e9l hiteles inform\u00e1ci\u00f3kat, val\u00f3di tapasztalatokat \u00e9s t\u00e1mogat\u00e1st egy biztons\u00e1gos k\u00f6zegben, csatlakozz a z\u00e1rt csoportomhoz.<\/strong><br>Nyom\u00e1s \u00e9s k\u00f6telezetts\u00e9g n\u00e9lk\u00fcl \u2013 az eg\u00e9szs\u00e9ged\u00e9rt.<\/p>\n","protected":false},"excerpt":{"rendered":"<p>A b\u00e9lrendszer\u00fcnkben \u00e9l\u0151 mikroorganizmusok \u00f6sszess\u00e9g\u00e9t nevezz\u00fck b\u00e9lfl\u00f3r\u00e1nak vagy mikrobiomnak. Ezek az apr\u00f3 \u201el\u00e1thatatlan seg\u00edt\u0151k\u201d kulcsszerepet j\u00e1tszanak az em\u00e9szt\u00e9sben, az immunrendszer m\u0171k\u00f6d\u00e9s\u00e9ben, s\u0151t m\u00e9g a hangulatunk \u00e9s energiaszint\u00fcnk alakul\u00e1s\u00e1ban is. Ha a mikrobiom egyens\u00falya felborul, az nemcsak em\u00e9szt\u00e9si panaszokban, hanem \u00e1ltal\u00e1nos k\u00f6z\u00e9rzeti probl\u00e9m\u00e1kban is megmutatkozhat. Mi jelezheti a b\u00e9lfl\u00f3ra rossz \u00e1llapot\u00e1t? A mikrobiom egyens\u00faly\u00e1nak zavara sokf\u00e9le [&hellip;]<\/p>\n","protected":false},"author":1,"featured_media":0,"comment_status":"open","ping_status":"open","sticky":false,"template":"","format":"standard","meta":{"footnotes":""},"categories":[1],"tags":[],"class_list":["post-518","post","type-post","status-publish","format-standard","hentry","category-uncategorized"],"_links":{"self":[{"href":"https:\/\/eletminosegedittel.hu\/index.php?rest_route=\/wp\/v2\/posts\/518","targetHints":{"allow":["GET"]}}],"collection":[{"href":"https:\/\/eletminosegedittel.hu\/index.php?rest_route=\/wp\/v2\/posts"}],"about":[{"href":"https:\/\/eletminosegedittel.hu\/index.php?rest_route=\/wp\/v2\/types\/post"}],"author":[{"embeddable":true,"href":"https:\/\/eletminosegedittel.hu\/index.php?rest_route=\/wp\/v2\/users\/1"}],"replies":[{"embeddable":true,"href":"https:\/\/eletminosegedittel.hu\/index.php?rest_route=%2Fwp%2Fv2%2Fcomments&post=518"}],"version-history":[{"count":1,"href":"https:\/\/eletminosegedittel.hu\/index.php?rest_route=\/wp\/v2\/posts\/518\/revisions"}],"predecessor-version":[{"id":519,"href":"https:\/\/eletminosegedittel.hu\/index.php?rest_route=\/wp\/v2\/posts\/518\/revisions\/519"}],"wp:attachment":[{"href":"https:\/\/eletminosegedittel.hu\/index.php?rest_route=%2Fwp%2Fv2%2Fmedia&parent=518"}],"wp:term":[{"taxonomy":"category","embeddable":true,"href":"https:\/\/eletminosegedittel.hu\/index.php?rest_route=%2Fwp%2Fv2%2Fcategories&post=518"},{"taxonomy":"post_tag","embeddable":true,"href":"https:\/\/eletminosegedittel.hu\/index.php?rest_route=%2Fwp%2Fv2%2Ftags&post=518"}],"curies":[{"name":"wp","href":"https:\/\/api.w.org\/{rel}","templated":true}]}}