{"id":516,"date":"2026-08-06T23:55:31","date_gmt":"2026-08-06T21:55:31","guid":{"rendered":"https:\/\/eletminosegedittel.hu\/?p=516"},"modified":"2026-08-06T23:55:33","modified_gmt":"2026-08-06T21:55:33","slug":"reflux-miert-alakul-ki-es-mit-tehetunk-ellene","status":"publish","type":"post","link":"https:\/\/eletminosegedittel.hu\/?p=516","title":{"rendered":"Reflux \u2013 mi\u00e9rt alakul ki, \u00e9s mit tehet\u00fcnk ellene?"},"content":{"rendered":"\n<p class=\"wp-block-paragraph\">A reflux napjaink egyik leggyakoribb em\u00e9szt\u0151rendszeri panasza. \u00c9g\u0151 \u00e9rz\u00e9s a mellkasban, savas felb\u00f6f\u00f6g\u00e9s, torokkapar\u00e1s, k\u00f6h\u00f6g\u00e9s vagy ak\u00e1r rekedts\u00e9g \u2013 sokan ismerik ezeket a t\u00fcneteket, m\u00e9gis kevesen \u00e9rtik, <strong>mi zajlik val\u00f3j\u00e1ban a h\u00e1tt\u00e9rben<\/strong>.<\/p>\n\n\n\n<p class=\"wp-block-paragraph\">A j\u00f3 h\u00edr az, hogy a reflux gyakran <strong>\u00e9letm\u00f3ddal \u00e9s tudatoss\u00e1ggal is j\u00f3l kezelhet\u0151<\/strong>, nem csak gy\u00f3gyszerekkel.<\/p>\n\n\n\n<p class=\"wp-block-paragraph\"><strong>Mi az a reflux?<\/strong><\/p>\n\n\n\n<p class=\"wp-block-paragraph\">Refluxr\u00f3l akkor besz\u00e9l\u00fcnk, amikor a gyomorsav vissza\u00e1ramlik a nyel\u0151cs\u0151be. A nyel\u0151cs\u0151 ny\u00e1lkah\u00e1rty\u00e1ja nem sav\u00e1ll\u00f3, ez\u00e9rt ez az \u00e1llapot irrit\u00e1ci\u00f3t, gyullad\u00e1st \u00e9s kellemetlen t\u00fcneteket okozhat.<\/p>\n\n\n\n<p class=\"wp-block-paragraph\">Norm\u00e1l esetben az als\u00f3 nyel\u0151cs\u0151-z\u00e1r\u00f3izom megakad\u00e1lyozza ezt a vissza\u00e1raml\u00e1st. Ha azonban ez az izom <strong>meggyeng\u00fcl vagy nem megfelel\u0151en m\u0171k\u00f6dik<\/strong>, a sav k\u00f6nnyebben jut vissza.<\/p>\n\n\n\n<p class=\"wp-block-paragraph\"><strong>A reflux leggyakoribb kiv\u00e1lt\u00f3 okai<\/strong><\/p>\n\n\n\n<p class=\"wp-block-paragraph\">A reflux kialakul\u00e1s\u00e1ban t\u00f6bb t\u00e9nyez\u0151 is szerepet j\u00e1tszhat, gyakran egyszerre:<\/p>\n\n\n\n<ul class=\"wp-block-list\">\n<li>helytelen t\u00e1pl\u00e1lkoz\u00e1si szok\u00e1sok (zs\u00edros, f\u0171szeres \u00e9telek, t\u00fal nagy adagok)<\/li>\n\n\n\n<li>rendszertelen \u00e9tkez\u00e9s, k\u00e9s\u0151 esti vacsora<\/li>\n\n\n\n<li>stressz \u00e9s idegi kimer\u00fclts\u00e9g<\/li>\n\n\n\n<li>t\u00fals\u00faly, hasi nyom\u00e1sfokoz\u00f3d\u00e1s<\/li>\n\n\n\n<li>doh\u00e1nyz\u00e1s, alkohol, k\u00e1v\u00e9 t\u00falzott fogyaszt\u00e1sa<\/li>\n\n\n\n<li>bizonyos gy\u00f3gyszerek<\/li>\n\n\n\n<li>legyeng\u00fclt em\u00e9szt\u00e9s vagy b\u00e9lrendszeri egyens\u00falytalans\u00e1g<\/li>\n<\/ul>\n\n\n\n<p class=\"wp-block-paragraph\">Fontos meg\u00e9rteni, hogy a reflux <strong>nem csak gyomorprobl\u00e9ma<\/strong>, hanem gyakran az eg\u00e9sz em\u00e9szt\u0151rendszer m\u0171k\u00f6d\u00e9s\u00e9nek zavar\u00e1ra utal.<\/p>\n\n\n\n<p class=\"wp-block-paragraph\"><strong>Mi\u00e9rt s\u00falyosb\u00edthatja a stressz?<\/strong><\/p>\n\n\n\n<p class=\"wp-block-paragraph\">Stressz hat\u00e1s\u00e1ra a szervezet \u201ek\u00e9szenl\u00e9ti \u00fczemm\u00f3dba\u201d kapcsol, az em\u00e9szt\u00e9s h\u00e1tt\u00e9rbe szorul. Ilyenkor:<\/p>\n\n\n\n<ul class=\"wp-block-list\">\n<li>cs\u00f6kken az em\u00e9szt\u0151enzimek termel\u0151d\u00e9se,<\/li>\n\n\n\n<li>romolhat a gyomor-b\u00e9lrendszer mozg\u00e1sa,<\/li>\n\n\n\n<li>n\u0151het a savtermel\u00e9s vagy a sav vissza\u00e1raml\u00e1s\u00e1nak es\u00e9lye.<\/li>\n<\/ul>\n\n\n\n<p class=\"wp-block-paragraph\">Ez\u00e9rt sokan tapasztalj\u00e1k, hogy a refluxos t\u00fcnetek <strong>stresszes id\u0151szakokban er\u0151s\u00f6dnek fel<\/strong>.<\/p>\n\n\n\n<p class=\"wp-block-paragraph\"><strong>A reflux kezel\u00e9se \u2013 komplex megk\u00f6zel\u00edt\u00e9s<\/strong><\/p>\n\n\n\n<p class=\"wp-block-paragraph\">A reflux kezel\u00e9se akkor a leghat\u00e9konyabb, ha nem csak a t\u00fcneteket, hanem az okokat is figyelembe vessz\u00fck.<\/p>\n\n\n\n<p class=\"wp-block-paragraph\"><strong>T\u00e1pl\u00e1lkoz\u00e1si v\u00e1ltoztat\u00e1sok<\/strong><\/p>\n\n\n\n<ul class=\"wp-block-list\">\n<li>kisebb adagok, lassabb \u00e9tkez\u00e9s<\/li>\n\n\n\n<li>lefekv\u00e9s el\u0151tt 2\u20133 \u00f3r\u00e1val m\u00e1r ne egy\u00fcnk<\/li>\n\n\n\n<li>egy\u00e9ni \u00e9rz\u00e9kenys\u00e9g figyel\u00e9se (kinek mi rontja a t\u00fcneteket)<\/li>\n\n\n\n<li>t\u00fal zs\u00edros, f\u0171szeres, savas \u00e9telek m\u00e9rs\u00e9kl\u00e9se<\/li>\n<\/ul>\n\n\n\n<p class=\"wp-block-paragraph\"><strong>\u00c9letm\u00f3dbeli t\u00e9nyez\u0151k<\/strong><\/p>\n\n\n\n<ul class=\"wp-block-list\">\n<li>stresszkezel\u00e9s, tudatos pihen\u00e9s<\/li>\n\n\n\n<li>megfelel\u0151 alv\u00e1s<\/li>\n\n\n\n<li>tests\u00faly normaliz\u00e1l\u00e1sa<\/li>\n\n\n\n<li>\u00e9tkez\u00e9s ut\u00e1ni azonnali lefekv\u00e9s ker\u00fcl\u00e9se<\/li>\n<\/ul>\n\n\n\n<p class=\"wp-block-paragraph\"><strong>Az em\u00e9szt\u00e9s t\u00e1mogat\u00e1sa<\/strong><\/p>\n\n\n\n<p class=\"wp-block-paragraph\">Az em\u00e9szt\u0151rendszer egyens\u00falya kulcsszerepet j\u00e1tszik. A megfelel\u0151 t\u00e1panyagell\u00e1t\u00e1s, a b\u00e9lfl\u00f3ra t\u00e1mogat\u00e1sa \u00e9s a rendszeres folyad\u00e9kfogyaszt\u00e1s hozz\u00e1j\u00e1rulhat ahhoz, hogy az em\u00e9szt\u00e9s hat\u00e9konyabban m\u0171k\u00f6dj\u00f6n.<\/p>\n\n\n\n<p class=\"wp-block-paragraph\"><strong>Nem csak elnyomni \u2013 meg\u00e9rteni a test jelz\u00e9seit<\/strong><\/p>\n\n\n\n<p class=\"wp-block-paragraph\">A reflux gyakran figyelmeztet\u00e9s: a szervezet jelzi, hogy <strong>t\u00falterhelt<\/strong>, \u00e9s v\u00e1ltoztat\u00e1sra van sz\u00fcks\u00e9g. A tudatos \u00e9letm\u00f3d, az em\u00e9szt\u00e9s t\u00e1mogat\u00e1sa \u00e9s a stressz cs\u00f6kkent\u00e9se egy\u00fctt hozhat tart\u00f3s javul\u00e1st.<\/p>\n\n\n\n<p class=\"wp-block-paragraph\">Az eg\u00e9szs\u00e9g nem gyors megold\u00e1sokon m\u00falik, hanem azon, mennyire figyel\u00fcnk a test\u00fcnk jelz\u00e9seire \u2013 nap mint nap.<\/p>\n\n\n\n<p class=\"wp-block-paragraph\">\ud83d\udc49 <strong>Csatlakozz a z\u00e1rt csoporthoz, \u00e9s kezd el t\u00e1mogatni a szervezeted egyens\u00faly\u00e1t m\u00e9g ma!<\/strong><\/p>\n","protected":false},"excerpt":{"rendered":"<p>A reflux napjaink egyik leggyakoribb em\u00e9szt\u0151rendszeri panasza. \u00c9g\u0151 \u00e9rz\u00e9s a mellkasban, savas felb\u00f6f\u00f6g\u00e9s, torokkapar\u00e1s, k\u00f6h\u00f6g\u00e9s vagy ak\u00e1r rekedts\u00e9g \u2013 sokan ismerik ezeket a t\u00fcneteket, m\u00e9gis kevesen \u00e9rtik, mi zajlik val\u00f3j\u00e1ban a h\u00e1tt\u00e9rben. A j\u00f3 h\u00edr az, hogy a reflux gyakran \u00e9letm\u00f3ddal \u00e9s tudatoss\u00e1ggal is j\u00f3l kezelhet\u0151, nem csak gy\u00f3gyszerekkel. Mi az a reflux? Refluxr\u00f3l akkor [&hellip;]<\/p>\n","protected":false},"author":1,"featured_media":321,"comment_status":"open","ping_status":"open","sticky":false,"template":"","format":"standard","meta":{"footnotes":""},"categories":[1],"tags":[],"class_list":["post-516","post","type-post","status-publish","format-standard","has-post-thumbnail","hentry","category-uncategorized"],"_links":{"self":[{"href":"https:\/\/eletminosegedittel.hu\/index.php?rest_route=\/wp\/v2\/posts\/516","targetHints":{"allow":["GET"]}}],"collection":[{"href":"https:\/\/eletminosegedittel.hu\/index.php?rest_route=\/wp\/v2\/posts"}],"about":[{"href":"https:\/\/eletminosegedittel.hu\/index.php?rest_route=\/wp\/v2\/types\/post"}],"author":[{"embeddable":true,"href":"https:\/\/eletminosegedittel.hu\/index.php?rest_route=\/wp\/v2\/users\/1"}],"replies":[{"embeddable":true,"href":"https:\/\/eletminosegedittel.hu\/index.php?rest_route=%2Fwp%2Fv2%2Fcomments&post=516"}],"version-history":[{"count":1,"href":"https:\/\/eletminosegedittel.hu\/index.php?rest_route=\/wp\/v2\/posts\/516\/revisions"}],"predecessor-version":[{"id":517,"href":"https:\/\/eletminosegedittel.hu\/index.php?rest_route=\/wp\/v2\/posts\/516\/revisions\/517"}],"wp:featuredmedia":[{"embeddable":true,"href":"https:\/\/eletminosegedittel.hu\/index.php?rest_route=\/wp\/v2\/media\/321"}],"wp:attachment":[{"href":"https:\/\/eletminosegedittel.hu\/index.php?rest_route=%2Fwp%2Fv2%2Fmedia&parent=516"}],"wp:term":[{"taxonomy":"category","embeddable":true,"href":"https:\/\/eletminosegedittel.hu\/index.php?rest_route=%2Fwp%2Fv2%2Fcategories&post=516"},{"taxonomy":"post_tag","embeddable":true,"href":"https:\/\/eletminosegedittel.hu\/index.php?rest_route=%2Fwp%2Fv2%2Ftags&post=516"}],"curies":[{"name":"wp","href":"https:\/\/api.w.org\/{rel}","templated":true}]}}