{"id":511,"date":"2026-08-06T23:53:03","date_gmt":"2026-08-06T21:53:03","guid":{"rendered":"https:\/\/eletminosegedittel.hu\/?p=511"},"modified":"2026-08-06T23:53:04","modified_gmt":"2026-08-06T21:53:04","slug":"miert-nelkulozhetetlenek-a-vitaminok-es-asvanyi-anyagok-a-szervezet-szamara","status":"publish","type":"post","link":"https:\/\/eletminosegedittel.hu\/?p=511","title":{"rendered":"Mi\u00e9rt n\u00e9lk\u00fcl\u00f6zhetetlenek a vitaminok \u00e9s \u00e1sv\u00e1nyi anyagok a szervezet sz\u00e1m\u00e1ra?"},"content":{"rendered":"\n<p class=\"wp-block-paragraph\">A vitaminok \u00e9s \u00e1sv\u00e1nyi anyagok apr\u00f3nak t\u0171n\u0151, m\u00e9gis l\u00e9tfontoss\u00e1g\u00fa elemei az eg\u00e9szs\u00e9g\u00fcnknek. B\u00e1r csak kis mennyis\u00e9gben van r\u00e1juk sz\u00fcks\u00e9g, szerep\u00fck \u00f3ri\u00e1si: <strong>n\u00e9lk\u00fcl\u00fck a szervezet alapvet\u0151 folyamatai nem m\u0171k\u00f6dn\u00e9nek megfelel\u0151en<\/strong>.<\/p>\n\n\n\n<p class=\"wp-block-paragraph\">A modern \u00e9letm\u00f3d mellett egyre t\u00f6bben tapasztalj\u00e1k a tart\u00f3s f\u00e1radts\u00e1got, a cs\u00f6kkent energiaszintet vagy a gyeng\u00e9bb ellen\u00e1ll\u00f3 k\u00e9pess\u00e9get. Ezek h\u00e1tter\u00e9ben gyakran nem betegs\u00e9g, hanem <strong>mikrot\u00e1panyag-hi\u00e1ny<\/strong> \u00e1ll.<\/p>\n\n\n\n<p class=\"wp-block-paragraph\"><strong>Mit tesznek a vitaminok?<\/strong><\/p>\n\n\n\n<p class=\"wp-block-paragraph\">A vitaminok olyan szerves vegy\u00fcletek, amelyek r\u00e9szt vesznek:<\/p>\n\n\n\n<ul class=\"wp-block-list\">\n<li>az anyagcsere-folyamatokban,<\/li>\n\n\n\n<li>az idegrendszer megfelel\u0151 m\u0171k\u00f6d\u00e9s\u00e9ben,<\/li>\n\n\n\n<li>az immunrendszer t\u00e1mogat\u00e1s\u00e1ban,<\/li>\n\n\n\n<li>a hormon\u00e1lis egyens\u00faly fenntart\u00e1s\u00e1ban,<\/li>\n\n\n\n<li>a sejtek v\u00e9delm\u00e9ben az oxidat\u00edv stresszel szemben.<\/li>\n<\/ul>\n\n\n\n<p class=\"wp-block-paragraph\">Mivel a szervezet\u00fcnk a legt\u00f6bb vitamint nem tudja el\u0151\u00e1ll\u00edtani, <strong>k\u00fcls\u0151 forr\u00e1sb\u00f3l kell biztos\u00edtanunk \u0151ket<\/strong>, els\u0151sorban t\u00e1pl\u00e1lkoz\u00e1ssal.<\/p>\n\n\n\n<p class=\"wp-block-paragraph\"><strong>Mi\u00e9rt fontosak az \u00e1sv\u00e1nyi anyagok?<\/strong><\/p>\n\n\n\n<p class=\"wp-block-paragraph\">Az \u00e1sv\u00e1nyi anyagok \u2013 p\u00e9ld\u00e1ul a magn\u00e9zium, cink, vas vagy kalcium \u2013 elengedhetetlenek:<\/p>\n\n\n\n<ul class=\"wp-block-list\">\n<li>az izmok \u00e9s idegek m\u0171k\u00f6d\u00e9s\u00e9hez,<\/li>\n\n\n\n<li>a csontozat \u00e9s fogak eg\u00e9szs\u00e9g\u00e9hez,<\/li>\n\n\n\n<li>az oxig\u00e9nsz\u00e1ll\u00edt\u00e1shoz,<\/li>\n\n\n\n<li>az enzimrendszerek aktiv\u00e1l\u00e1s\u00e1hoz,<\/li>\n\n\n\n<li>a sejtek k\u00f6z\u00f6tti kommunik\u00e1ci\u00f3hoz.<\/li>\n<\/ul>\n\n\n\n<p class=\"wp-block-paragraph\">Hi\u00e1nyuk nem mindig okoz azonnali, l\u00e1tv\u00e1nyos t\u00fcneteket, de <strong>hossz\u00fa t\u00e1von komoly egyens\u00falytalans\u00e1got<\/strong> eredm\u00e9nyezhet.<\/p>\n\n\n\n<p class=\"wp-block-paragraph\"><strong>Mi\u00e9rt nehezebb ma megfelel\u0151 mennyis\u00e9ghez jutni?<\/strong><\/p>\n\n\n\n<ul class=\"wp-block-list\">\n<li>a stressz fokozza a vitamin- \u00e9s \u00e1sv\u00e1nyianyag-felhaszn\u00e1l\u00e1st,<\/li>\n\n\n\n<li>a feldolgozott \u00e9lelmiszerek kevesebb mikrot\u00e1panyagot tartalmaznak,<\/li>\n\n\n\n<li>az egy\u00e9ni ig\u00e9nyek \u00e9letkort\u00f3l, \u00e9letm\u00f3dt\u00f3l \u00e9s terhel\u00e9st\u0151l f\u00fcgg\u0151en elt\u00e9rnek.<\/li>\n<\/ul>\n\n\n\n<p class=\"wp-block-paragraph\">Ez\u00e9rt fordulhat el\u0151, hogy valaki \u201ej\u00f3l \u00e9tkezik\u201d, m\u00e9gsem jut elegend\u0151 mikrot\u00e1panyaghoz.<\/p>\n\n\n\n<p class=\"wp-block-paragraph\"><strong>Nem csak a bevitel sz\u00e1m\u00edt<\/strong><\/p>\n\n\n\n<p class=\"wp-block-paragraph\">Egyre t\u00f6bb figyelem ir\u00e1nyul arra, hogy <strong>nem el\u00e9g bevinni a vitaminokat \u00e9s \u00e1sv\u00e1nyi anyagokat<\/strong>, fontos az is, hogyan sz\u00edv\u00f3dnak fel \u00e9s hasznosulnak a szervezetben. Az em\u00e9szt\u0151rendszer \u00e1llapota, a b\u00e9lfl\u00f3ra egyens\u00falya \u00e9s az egym\u00e1ssal k\u00f6lcs\u00f6nhat\u00e1sban l\u00e9v\u0151 t\u00e1panyagok mind befoly\u00e1solj\u00e1k a hat\u00e9konys\u00e1got.<\/p>\n","protected":false},"excerpt":{"rendered":"<p>A vitaminok \u00e9s \u00e1sv\u00e1nyi anyagok apr\u00f3nak t\u0171n\u0151, m\u00e9gis l\u00e9tfontoss\u00e1g\u00fa elemei az eg\u00e9szs\u00e9g\u00fcnknek. B\u00e1r csak kis mennyis\u00e9gben van r\u00e1juk sz\u00fcks\u00e9g, szerep\u00fck \u00f3ri\u00e1si: n\u00e9lk\u00fcl\u00fck a szervezet alapvet\u0151 folyamatai nem m\u0171k\u00f6dn\u00e9nek megfelel\u0151en. A modern \u00e9letm\u00f3d mellett egyre t\u00f6bben tapasztalj\u00e1k a tart\u00f3s f\u00e1radts\u00e1got, a cs\u00f6kkent energiaszintet vagy a gyeng\u00e9bb ellen\u00e1ll\u00f3 k\u00e9pess\u00e9get. Ezek h\u00e1tter\u00e9ben gyakran nem betegs\u00e9g, hanem mikrot\u00e1panyag-hi\u00e1ny \u00e1ll. [&hellip;]<\/p>\n","protected":false},"author":1,"featured_media":0,"comment_status":"open","ping_status":"open","sticky":false,"template":"","format":"standard","meta":{"footnotes":""},"categories":[1],"tags":[10],"class_list":["post-511","post","type-post","status-publish","format-standard","hentry","category-uncategorized","tag-asvanyi-anyag"],"_links":{"self":[{"href":"https:\/\/eletminosegedittel.hu\/index.php?rest_route=\/wp\/v2\/posts\/511","targetHints":{"allow":["GET"]}}],"collection":[{"href":"https:\/\/eletminosegedittel.hu\/index.php?rest_route=\/wp\/v2\/posts"}],"about":[{"href":"https:\/\/eletminosegedittel.hu\/index.php?rest_route=\/wp\/v2\/types\/post"}],"author":[{"embeddable":true,"href":"https:\/\/eletminosegedittel.hu\/index.php?rest_route=\/wp\/v2\/users\/1"}],"replies":[{"embeddable":true,"href":"https:\/\/eletminosegedittel.hu\/index.php?rest_route=%2Fwp%2Fv2%2Fcomments&post=511"}],"version-history":[{"count":1,"href":"https:\/\/eletminosegedittel.hu\/index.php?rest_route=\/wp\/v2\/posts\/511\/revisions"}],"predecessor-version":[{"id":512,"href":"https:\/\/eletminosegedittel.hu\/index.php?rest_route=\/wp\/v2\/posts\/511\/revisions\/512"}],"wp:attachment":[{"href":"https:\/\/eletminosegedittel.hu\/index.php?rest_route=%2Fwp%2Fv2%2Fmedia&parent=511"}],"wp:term":[{"taxonomy":"category","embeddable":true,"href":"https:\/\/eletminosegedittel.hu\/index.php?rest_route=%2Fwp%2Fv2%2Fcategories&post=511"},{"taxonomy":"post_tag","embeddable":true,"href":"https:\/\/eletminosegedittel.hu\/index.php?rest_route=%2Fwp%2Fv2%2Ftags&post=511"}],"curies":[{"name":"wp","href":"https:\/\/api.w.org\/{rel}","templated":true}]}}